[{"@context":"https:\/\/schema.org\/","@type":"Article","@id":"https:\/\/www.tinky.cz\/sezona-zimnich-dovolenych-klepe-na-dvere\/#Article","mainEntityOfPage":"https:\/\/www.tinky.cz\/sezona-zimnich-dovolenych-klepe-na-dvere\/","headline":"Sez\u00f3na zimn\u00edch dovolen\u00fdch klepe na dve\u0159e","name":"Sez\u00f3na zimn\u00edch dovolen\u00fdch klepe na dve\u0159e","description":"Darujte pobyt na hor\u00e1ch pro celou rodinu pod strome\u010dek a uvid\u00edte, \u017ee se to setk\u00e1 s velk\u00fdm \u00fasp\u011bchem. Nemus\u00edte tak u\u017e nic dal\u0161\u00edho vym\u00fd\u0161let a poslouchat od man\u017eelky, \u017ee byste m\u011bl n\u011bco kone\u010dn\u011b vymyslet a zaplatit vy. Budete to m\u00edt v suchu a V\u00e1noce si tak u\u017eijete v klidu a m\u00edru. Jet na hory m\u016f\u017ee...","datePublished":"2022-10-16","dateModified":"2023-05-03","author":{"@type":"Person","@id":"https:\/\/www.tinky.cz\/author\/#Person","name":"","url":"https:\/\/www.tinky.cz\/author\/","identifier":1,"image":{"@type":"ImageObject","@id":"https:\/\/secure.gravatar.com\/avatar\/0004469d2196026c4aaacbb56e80b8fe204b91e98e8d884732a12310e081011a?s=96&d=mm&r=g","url":"https:\/\/secure.gravatar.com\/avatar\/0004469d2196026c4aaacbb56e80b8fe204b91e98e8d884732a12310e081011a?s=96&d=mm&r=g","height":96,"width":96}},"publisher":{"@type":"Organization","name":"tinky.cz","logo":{"@type":"ImageObject","@id":"\/logo.png","url":"\/logo.png","width":600,"height":60}},"image":{"@type":"ImageObject","@id":"https:\/\/www.tinky.cz\/wp-content\/uploads\/sjezd.jpg","url":"https:\/\/www.tinky.cz\/wp-content\/uploads\/sjezd.jpg","height":0,"width":0},"url":"https:\/\/www.tinky.cz\/sezona-zimnich-dovolenych-klepe-na-dvere\/","about":["Business"],"wordCount":451,"articleBody":"       Darujte pobyt na hor\u00e1ch pro celou rodinu pod strome\u010dek a uvid\u00edte, \u017ee se to setk\u00e1 s velk\u00fdm \u00fasp\u011bchem. Nemus\u00edte tak u\u017e nic dal\u0161\u00edho vym\u00fd\u0161let a poslouchat od man\u017eelky, \u017ee byste m\u011bl n\u011bco kone\u010dn\u011b vymyslet a zaplatit vy. Budete to m\u00edt v suchu a V\u00e1noce si tak u\u017eijete v klidu a m\u00edru.Jet na hory m\u016f\u017ee b\u00fdt pro mnoh\u00e9 z n\u00e1s sen, zejm\u00e9na pro d\u011bti. Sn\u011bhu v n\u00ed\u017ein\u00e1ch bohu\u017eel u\u017e moc nenapad\u00e1, tak\u017ee si d\u011bti nemohou do sytosti u\u017e\u00edt ty prav\u00e9 zimn\u00ed radov\u00e1nky, a nav\u00edc, kde se v takov\u00e9m p\u0159\u00edpad\u011b maj\u00ed u\u010dit na ly\u017e\u00edch nebo na snowboardech? Je t\u011b\u017ek\u00e9 naj\u00edt kopec v okol\u00ed, ale je\u0161t\u011b t\u011b\u017e\u0161\u00ed je, aby na n\u011bj v\u016fbec n\u011bkdy napadl sn\u00edh. Ale na hor\u00e1ch m\u016f\u017ee napadnout jenom popra\u0161ek, hlavn\u011b, aby mrzlo, a mohli si horsk\u00e9 are\u00e1ly trochu pomoci technick\u00fdm sn\u011bhem a mohli tak nab\u00eddnout zimn\u00ed vy\u017eit\u00ed pro v\u0161echny nad\u0161ence. Pokud se va\u0161e d\u011bti za\u010d\u00ednaj\u00ed teprve u\u010dit na ly\u017e\u00edch, doporu\u010dujeme v\u00e1m s velkou radost\u00ed ski \u010cenkovice, kter\u00e9 se nach\u00e1z\u00ed v Orlick\u00fdch hor\u00e1ch, kde m\u016f\u017eete sj\u00ed\u017ed\u011bt celkem \u010dty\u0159i sjezdov\u00e9 trat\u011b na Bukov\u00e9 ho\u0159e. Je zde tak\u00e9 samoz\u0159ejm\u011b d\u011btsk\u00e1 \u0161koli\u010dka s men\u0161\u00edm vlekem, kde se d\u011bti par\u00e1dn\u011b mohou nau\u010dit a vy si v klidu m\u016f\u017eete u\u017e\u00edt svoje ly\u017eov\u00e1n\u00ed. Nahoru vyu\u017eijete kvalitn\u00ed lanovku, kter\u00e1 p\u0159ipom\u00edn\u00e1 alpsk\u00e1 st\u0159ediska, m\u00e1 vyh\u0159\u00edvan\u00e9 seda\u010dky a ochrann\u00e9 sklo, tak\u017ee o v\u00e1s bude tak\u00e9 kvalitn\u011b postar\u00e1no. Pro p\u0159\u00edznivce j\u00edzdy na prkn\u011b je tady p\u0159ipraven snowpark a pokud to sn\u00edh dovol\u00ed, stav\u00ed se z n\u011bj r\u016fzn\u00e9 p\u0159ek\u00e1\u017eky, tak\u017ee ti si taky p\u0159ijdou na sv\u00e9.Je\u0161t\u011b do konce tohoto pracovn\u00edho t\u00fddne m\u016f\u017eete nakoupit skipasy je\u0161t\u011b za lo\u0148sk\u00e9 ceny, tak\u017ee dokonce u\u0161et\u0159\u00edte! Pak u\u017e jenom zb\u00fdv\u00e1 zajistit ubytov\u00e1n\u00ed a m\u016f\u017eete se v\u0161ichni t\u011b\u0161it na zimn\u00ed dovolenou v Orlick\u00fdch hor\u00e1ch, kter\u00e9 v\u00e1s naprosto okouzl\u00ed. I b\u011b\u017eka\u0159i si zde p\u0159ijdou na sv\u00e9 nebo to m\u016f\u017eete kone\u010dn\u011b tak\u00e9 poprv\u00e9 vyzkou\u0161et i vy, kte\u0159\u00ed jste na tom t\u0159eba je\u0161t\u011b nem\u011bli p\u0159\u00edle\u017eitost st\u00e1t. M\u00edrn\u00e9 h\u0159ebenov\u00e9 cesty v okol\u00ed Bukov\u00e9 hory jsou t\u00edm ide\u00e1ln\u00edm m\u00edstem.                                                                                                                                                                                                                                                                                                                                                                                           3.7\/5 - (6 votes)        "},{"@context":"https:\/\/schema.org\/","@type":"BreadcrumbList","itemListElement":[{"@type":"ListItem","position":1,"name":"Sez\u00f3na zimn\u00edch dovolen\u00fdch klepe na dve\u0159e","item":"https:\/\/www.tinky.cz\/sezona-zimnich-dovolenych-klepe-na-dvere\/#breadcrumbitem"}]}]