[{"@context":"https:\/\/schema.org\/","@type":"Article","@id":"https:\/\/www.tinky.cz\/co-o-vas-vypovi-dekor-skrini-na-miru\/#Article","mainEntityOfPage":"https:\/\/www.tinky.cz\/co-o-vas-vypovi-dekor-skrini-na-miru\/","headline":"Co o v\u00e1s vypov\u00ed dekor sk\u0159\u00edn\u00ed na m\u00edru","name":"Co o v\u00e1s vypov\u00ed dekor sk\u0159\u00edn\u00ed na m\u00edru","description":"Jedn\u00e1 se o velkou plochu Vestav\u011bn\u00e9 sk\u0159\u00edn\u011b mohou pokr\u00fdt jen \u010d\u00e1st plochy st\u011bny v obytn\u00e9m prostoru, ale tak\u00e9 mohou zakr\u00fdt st\u011bnu celou, od stropu a\u017e k podlaze, a ode dve\u0159\u00ed k oknu. T\u00edm p\u00e1dem v\u00e1m m\u016f\u017ee vzniknout nap\u0159\u00edklad plocha deseti metr\u016f \u010dtvere\u010dn\u00edch, a to u\u017e je po\u0159\u00e1dn\u011b velk\u00fd kus prostoru. M\u00e1te jej pak st\u00e1le na...","datePublished":"2022-11-13","dateModified":"2023-05-03","author":{"@type":"Person","@id":"https:\/\/www.tinky.cz\/author\/#Person","name":"","url":"https:\/\/www.tinky.cz\/author\/","identifier":1,"image":{"@type":"ImageObject","@id":"https:\/\/secure.gravatar.com\/avatar\/0004469d2196026c4aaacbb56e80b8fe204b91e98e8d884732a12310e081011a?s=96&d=mm&r=g","url":"https:\/\/secure.gravatar.com\/avatar\/0004469d2196026c4aaacbb56e80b8fe204b91e98e8d884732a12310e081011a?s=96&d=mm&r=g","height":96,"width":96}},"publisher":{"@type":"Organization","name":"tinky.cz","logo":{"@type":"ImageObject","@id":"\/logo.png","url":"\/logo.png","width":600,"height":60}},"image":{"@type":"ImageObject","@id":"https:\/\/www.tinky.cz\/wp-content\/uploads\/closet-g9cf48a76e_640.jpg","url":"https:\/\/www.tinky.cz\/wp-content\/uploads\/closet-g9cf48a76e_640.jpg","height":0,"width":0},"url":"https:\/\/www.tinky.cz\/co-o-vas-vypovi-dekor-skrini-na-miru\/","about":["Produkty"],"wordCount":426,"articleBody":"      Jedn\u00e1 se o velkou plochuVestav\u011bn\u00e9 sk\u0159\u00edn\u011b mohou pokr\u00fdt jen \u010d\u00e1st plochy st\u011bny v obytn\u00e9m prostoru, ale tak\u00e9 mohou zakr\u00fdt st\u011bnu celou, od stropu a\u017e k podlaze, a ode dve\u0159\u00ed k oknu. T\u00edm p\u00e1dem v\u00e1m m\u016f\u017ee vzniknout nap\u0159\u00edklad plocha deseti metr\u016f \u010dtvere\u010dn\u00edch, a to u\u017e je po\u0159\u00e1dn\u011b velk\u00fd kus prostoru. M\u00e1te jej pak st\u00e1le na o\u010d\u00edch a spolu s v\u00e1mi p\u0159\u00edpadn\u011b i va\u0161i host\u00e9, kte\u0159\u00ed se k v\u00e1m vyprav\u00ed na n\u00e1v\u0161t\u011bvu.Vzhled motivuKdy\u017e si prohl\u00e9dnete nab\u00eddku b\u011b\u017en\u00e9ho n\u00e1bytku ve specializovan\u00fdch obchodech, p\u016fjde zpravidla o jednobarevn\u00e9 dekory, p\u0159\u00edpadn\u011b budou imitovat kresbu d\u0159eva. V\u011bt\u0161ina \u0161atn\u00edch sk\u0159\u00edn\u00ed se vyr\u00e1b\u00ed v barv\u011b b\u00edl\u00e9, \u0161ed\u00e9, hn\u011bd\u00e9, a jejich vz\u00e1jemn\u00fdch kombinac\u00ed a modifikac\u00ed. M\u00e1lokdy se st\u00e1v\u00e1 (s v\u00fdjimkou n\u00e1bytku do d\u011btsk\u00fdch pokoj\u016f), \u017ee byste se tu setkali s barvou r\u016f\u017eovou, modrou, zelenou, \u010dervenou \u010di \u017elutou. A je to \u0161koda, proto\u017ee barvy k \u017eivotu neodmysliteln\u011b pat\u0159\u00ed, sta\u010d\u00ed zaj\u00edt do kv\u011btin\u00e1\u0159stv\u00ed nebo do supermarketu do odd\u011blen\u00ed ovoce a zeleniny, abyste si osv\u011b\u017eili pam\u011b\u0165, pokud se v\u00e1m zd\u00e1, \u017ee sv\u011bt je jenom sam\u00e1 \u0161e\u010f a \u010der\u0148.U vestav\u011bn\u00fdch sk\u0159\u00edn\u00ed na m\u00edru St\u011bn sk\u0159\u00edn\u011b v\u0161ak \u0159ada v\u00fdrobc\u016f po\u010d\u00edt\u00e1 s t\u00edm, \u017ee z\u00e1kazn\u00edky barvy oslovuj\u00ed, a \u017ee o n\u011b tak\u00e9 \u017e\u00e1daj\u00ed. Z\u00e1rove\u0148 je mohou doplnit r\u016fzn\u00fdmi motivy, nap\u0159\u00edklad kv\u011btinov\u00fdmi vzory, kter\u00e9 mohou b\u00fdt v podob\u011b kreseb, anebo fotografi\u00ed.Sv\u011btl\u00e9 barvyA\u0165 u\u017e d\u00e1te p\u0159ednost jak\u00fdmkoli barv\u00e1m, vyb\u00edrejte rad\u011bji mezi t\u011bmi sv\u011btlej\u0161\u00edmi. \u010c\u00edm sv\u011btlej\u0161\u00ed n\u00e1bytek, t\u00edm v\u00edce sv\u011btla v\u00e1m bude v m\u00edstnosti odr\u00e1\u017eet, a nebudete se tu c\u00edtit jako v temn\u00e9 kobce. Tmav\u00fd n\u00e1bytek ve\u0161ker\u00fd prostor opticky zmen\u0161uje a v p\u0159\u00edpad\u011b, \u017ee si po\u0159izujete vestav\u011bnou sk\u0159\u00ed\u0148 do m\u00edstnosti obvykl\u00fdch rozm\u011br\u016f v bytech \u010di rodinn\u00fdch domech, nap\u0159. 5 x 4  metry , m\u016f\u017ee v\u00e1m p\u0159ipadat, \u017ee tu na v\u00e1s v\u0161echno pad\u00e1. N\u011bkte\u0159\u00ed lid\u00e9 dokonce vol\u00ed sk\u0159\u00edn\u011b \u010dist\u011b b\u00edl\u00e9, t\u00edm nic nepokaz\u00edte, proto\u017ee b\u00edl\u00e1 se hod\u00ed do ka\u017ed\u00e9ho interi\u00e9ru a ke v\u0161em barv\u00e1m bytov\u00fdch dopl\u0148k\u016f.                                                                                                                                                                                                                                                                                                                                                                                          3.5\/5 - (4 votes)        "},{"@context":"https:\/\/schema.org\/","@type":"BreadcrumbList","itemListElement":[{"@type":"ListItem","position":1,"name":"Co o v\u00e1s vypov\u00ed dekor sk\u0159\u00edn\u00ed na m\u00edru","item":"https:\/\/www.tinky.cz\/co-o-vas-vypovi-dekor-skrini-na-miru\/#breadcrumbitem"}]}]